{"id":41,"date":"2025-11-22T17:12:14","date_gmt":"2025-11-22T14:12:14","guid":{"rendered":"https:\/\/deomis.com\/blog\/?p=41"},"modified":"2025-11-22T17:12:14","modified_gmt":"2025-11-22T14:12:14","slug":"digital-omnibus-nedir-cerez-yonetimi-ve-veri-kurallari-sil-bastan-yaziliyor","status":"publish","type":"post","link":"https:\/\/deomis.com\/blog\/digital-omnibus-nedir-cerez-yonetimi-ve-veri-kurallari-sil-bastan-yaziliyor\/","title":{"rendered":"Digital Omnibus Nedir? \u00c7erez Y\u00f6netimi ve Veri Kurallar\u0131 Sil Ba\u015ftan Yaz\u0131l\u0131yor"},"content":{"rendered":"\n<p>Avrupa Birli\u011fi, dijital pazarlaman\u0131n anayasas\u0131n\u0131 de\u011fi\u015ftirmeye haz\u0131rlan\u0131yor. KVKK veya GDPR uyumlulu\u011funu sadece &#8220;bir \u00e7erez banner&#8217;\u0131 koymaktan ibaret&#8221; sanan i\u015fletmeler i\u00e7in alarm zilleri \u00e7al\u0131yor. Usercentrics CEO\u2019su Donna Dror\u2019un 20 Kas\u0131m 2025 tarihinde yay\u0131nlad\u0131\u011f\u0131 bildiri, yakla\u015fan <strong>&#8220;Digital Omnibus&#8221;<\/strong> d\u00fczenlemesinin sadece hukuki bir metin de\u011fil, bir <strong>kullan\u0131c\u0131 deneyimi (UX) devrimi<\/strong> oldu\u011funu ortaya koydu. Peki, bu yeni d\u00fczenleme T\u00fcrk ihracat\u00e7\u0131s\u0131n\u0131 ve dijital pazarlama d\u00fcnyas\u0131n\u0131 nas\u0131l etkileyecek?<\/p>\n\n\n\n<p><strong>1. &#8220;R\u0131za Yorgunlu\u011fu&#8221; (Consent Fatigue) Devri Bitiyor<\/strong> \u0130nternet kullan\u0131c\u0131lar\u0131 olarak hepimiz ayn\u0131 dertten muzdaribiz: Her girdi\u011fimiz sitede kar\u015f\u0131m\u0131za \u00e7\u0131kan, kapatmas\u0131 zor, karma\u015f\u0131k ve b\u0131kt\u0131r\u0131c\u0131 &#8220;Kabul Et&#8221; kutucuklar\u0131. Donna Dror\u2019un vurgulad\u0131\u011f\u0131 gibi, Digital Omnibus \u00f6nerisi tam olarak bu &#8220;s\u00fcrt\u00fcnmeyi&#8221; (friction) hedef al\u0131yor.<\/p>\n\n\n\n<p>Ama\u00e7 net: Kullan\u0131c\u0131y\u0131 bezdirerek zorla onay almak de\u011fil, \u015feffaf ve kolay y\u00f6netilebilir panellerle ger\u00e7ek g\u00fcveni kazanmak. Art\u0131k &#8220;Reddet&#8221; butonunu saklayan, kullan\u0131c\u0131y\u0131 dolamba\u00e7l\u0131 yollara sokan tasar\u0131mlar (Dark Patterns) sadece etik d\u0131\u015f\u0131 de\u011fil, yasad\u0131\u015f\u0131 hale gelecek.<\/p>\n\n\n\n<figure class=\"wp-block-image size-large\"><img loading=\"lazy\" decoding=\"async\" width=\"718\" height=\"1024\" src=\"https:\/\/deomis.com\/blog\/wp-content\/uploads\/2025\/11\/usercentrics-omnibus-statement-718x1024.png\" alt=\"\" class=\"wp-image-43\" srcset=\"https:\/\/deomis.com\/blog\/wp-content\/uploads\/2025\/11\/usercentrics-omnibus-statement-718x1024.png 718w, https:\/\/deomis.com\/blog\/wp-content\/uploads\/2025\/11\/usercentrics-omnibus-statement-210x300.png 210w, https:\/\/deomis.com\/blog\/wp-content\/uploads\/2025\/11\/usercentrics-omnibus-statement-768x1095.png 768w, https:\/\/deomis.com\/blog\/wp-content\/uploads\/2025\/11\/usercentrics-omnibus-statement.png 954w\" sizes=\"auto, (max-width: 718px) 100vw, 718px\" \/><\/figure>\n\n\n\n<p><strong>2. Yasak Savmak De\u011fil, &#8220;Privacy-Led Marketing&#8221;<\/strong> Eskiden \u015firketler &#8220;Veriyi toplayal\u0131m da nas\u0131l olursa olsun&#8221; derdi. Yeni d\u00fcnyada ise <strong>&#8220;Privacy-Led Marketing&#8221; (Gizlilik Odakl\u0131 Pazarlama)<\/strong> kavram\u0131 \u00f6ne \u00e7\u0131k\u0131yor.<\/p>\n\n\n\n<p>Usercentrics\u2019in vizyonuna g\u00f6re; \u015feffafl\u0131k, performans\u0131 d\u00fc\u015f\u00fcren bir engel de\u011fil, aksine <strong>d\u00f6n\u00fc\u015f\u00fcm oranlar\u0131n\u0131 art\u0131ran bir kald\u0131ra\u00e7t\u0131r.<\/strong> Kullan\u0131c\u0131, verisinin nereye gitti\u011fini net bir \u015fekilde anlad\u0131\u011f\u0131nda, markaya g\u00fcveniyor ve verisini payla\u015fmaktan \u00e7ekinmiyor. Bu da sizin Google ve Meta reklamlar\u0131n\u0131zda daha kaliteli, daha do\u011fru hedeflenmi\u015f veri kullanman\u0131z\u0131 sa\u011fl\u0131yor.<\/p>\n\n\n\n<p><strong>3. T\u00fcrk \u015eirketleri Neden Endi\u015felenmeli? (Ve Ne Yapmal\u0131?)<\/strong> &#8220;Biz T\u00fcrkiye&#8217;deyiz, AB yasas\u0131 bizi ba\u011flamaz&#8221; demeyin. E\u011fer:<\/p>\n\n\n\n<ul class=\"wp-block-list\">\n<li>Avrupa&#8217;ya \u00fcr\u00fcn sat\u0131yorsan\u0131z (E-\u0130hracat),<\/li>\n\n\n\n<li>AB vatanda\u015f\u0131 turistlere hizmet veriyorsan\u0131z (Turizm\/Otelcilik),<\/li>\n\n\n\n<li>Global veri i\u015fleyen bir SaaS firman\u0131z varsa;<\/li>\n<\/ul>\n\n\n\n<p>Digital Omnibus sizi do\u011frudan kaps\u0131yor. Uygunsuz bir \u00e7erez y\u00f6netimi, milyonlarca Euro&#8217;luk cezalar\u0131n yan\u0131 s\u0131ra, en b\u00fcy\u00fck pazar\u0131n\u0131zdaki itibar\u0131n\u0131z\u0131 bir gecede silebilir.<\/p>\n\n\n\n<p><strong>4. \u00c7\u00f6z\u00fcm: Ak\u0131ll\u0131 ve Otomatize R\u0131za Y\u00f6netimi<\/strong> Deomis olarak T\u00fcrkiye i\u015f orta\u011f\u0131 oldu\u011fumuz <strong>Usercentrics<\/strong>, bu yeni dalgaya en haz\u0131r teknoloji.<\/p>\n\n\n\n<ul class=\"wp-block-list\">\n<li><strong>Otomatik Tarama:<\/strong> Sitenizdeki \u00e7erezleri ve izleyicileri (trackers) d\u00fczenli olarak taray\u0131p s\u0131n\u0131fland\u0131r\u0131r.<\/li>\n\n\n\n<li><strong>Google Consent Mode v2:<\/strong> Google&#8217;\u0131n yeni reklam standartlar\u0131yla %100 uyumludur, veri kayb\u0131n\u0131 \u00f6nler.<\/li>\n\n\n\n<li><strong>Cross-Device Consent:<\/strong> Kullan\u0131c\u0131n\u0131n mobilde verdi\u011fi onay\u0131 masa\u00fcst\u00fcnde de hat\u0131rlar, tekrar tekrar sormaz.<\/li>\n<\/ul>\n\n\n\n<p><strong>Sonu\u00e7: Erken Kalkan Yol Al\u0131r<\/strong> Digital Omnibus hen\u00fcz tasar\u0131 a\u015famas\u0131ndayken harekete ge\u00e7en firmalar, rakipleri panik halindeyken g\u00fcvenli limanda olacaklar. Deomis ve Usercentrics i\u015f birli\u011fiyle, web sitenizi bug\u00fcnden gelece\u011fin standartlar\u0131na ta\u015f\u0131y\u0131n.<\/p>\n","protected":false},"excerpt":{"rendered":"<p>Avrupa Birli\u011fi, dijital pazarlaman\u0131n anayasas\u0131n\u0131 de\u011fi\u015ftirmeye haz\u0131rlan\u0131yor. KVKK veya GDPR uyumlulu\u011funu sadece &#8220;bir \u00e7erez banner&#8217;\u0131 koymaktan ibaret&#8221; sanan i\u015fletmeler i\u00e7in alarm zilleri \u00e7al\u0131yor. Usercentrics CEO\u2019su Donna Dror\u2019un 20 Kas\u0131m 2025 tarihinde yay\u0131nlad\u0131\u011f\u0131 bildiri, yakla\u015fan &#8220;Digital Omnibus&#8221; d\u00fczenlemesinin sadece hukuki bir metin de\u011fil, bir kullan\u0131c\u0131 deneyimi (UX) devrimi oldu\u011funu ortaya koydu. Peki, bu yeni d\u00fczenleme T\u00fcrk [&hellip;]<\/p>\n","protected":false},"author":1,"featured_media":42,"comment_status":"closed","ping_status":"open","sticky":false,"template":"","format":"standard","meta":{"footnotes":""},"categories":[1],"tags":[],"class_list":["post-41","post","type-post","status-publish","format-standard","has-post-thumbnail","hentry","category-blog"],"_links":{"self":[{"href":"https:\/\/deomis.com\/blog\/wp-json\/wp\/v2\/posts\/41","targetHints":{"allow":["GET"]}}],"collection":[{"href":"https:\/\/deomis.com\/blog\/wp-json\/wp\/v2\/posts"}],"about":[{"href":"https:\/\/deomis.com\/blog\/wp-json\/wp\/v2\/types\/post"}],"author":[{"embeddable":true,"href":"https:\/\/deomis.com\/blog\/wp-json\/wp\/v2\/users\/1"}],"replies":[{"embeddable":true,"href":"https:\/\/deomis.com\/blog\/wp-json\/wp\/v2\/comments?post=41"}],"version-history":[{"count":2,"href":"https:\/\/deomis.com\/blog\/wp-json\/wp\/v2\/posts\/41\/revisions"}],"predecessor-version":[{"id":45,"href":"https:\/\/deomis.com\/blog\/wp-json\/wp\/v2\/posts\/41\/revisions\/45"}],"wp:featuredmedia":[{"embeddable":true,"href":"https:\/\/deomis.com\/blog\/wp-json\/wp\/v2\/media\/42"}],"wp:attachment":[{"href":"https:\/\/deomis.com\/blog\/wp-json\/wp\/v2\/media?parent=41"}],"wp:term":[{"taxonomy":"category","embeddable":true,"href":"https:\/\/deomis.com\/blog\/wp-json\/wp\/v2\/categories?post=41"},{"taxonomy":"post_tag","embeddable":true,"href":"https:\/\/deomis.com\/blog\/wp-json\/wp\/v2\/tags?post=41"}],"curies":[{"name":"wp","href":"https:\/\/api.w.org\/{rel}","templated":true}]}}